{"id":6291,"date":"2025-05-16T04:28:42","date_gmt":"2025-05-16T04:28:42","guid":{"rendered":"https:\/\/citylogix.com\/?p=6291"},"modified":"2025-06-03T05:04:38","modified_gmt":"2025-06-03T05:04:38","slug":"citylogix-sur-la-route-a-la-rencontre-des-communautes-a-travers-lamerique-du-nord","status":"publish","type":"post","link":"https:\/\/citylogix.com\/fr\/citylogix-sur-la-route-a-la-rencontre-des-communautes-a-travers-lamerique-du-nord\/","title":{"rendered":"Citylogix sur la route : \u00c0 la rencontre des communaut\u00e9s \u00e0 travers l\u2019Am\u00e9rique du Nord"},"content":{"rendered":"\t\t<div data-elementor-type=\"wp-post\" data-elementor-id=\"6291\" class=\"elementor elementor-6291 elementor-6289\" data-elementor-post-type=\"post\">\n\t\t\t\t\t\t<section class=\"elementor-section elementor-top-section elementor-element elementor-element-ca37193 elementor-section-boxed elementor-section-height-default elementor-section-height-default\" data-id=\"ca37193\" data-element_type=\"section\">\n\t\t\t\t\t\t<div class=\"elementor-container elementor-column-gap-default\">\n\t\t\t\t\t<div class=\"elementor-column elementor-col-100 elementor-top-column elementor-element elementor-element-0f72f7e\" data-id=\"0f72f7e\" data-element_type=\"column\">\n\t\t\t<div class=\"elementor-widget-wrap elementor-element-populated\">\n\t\t\t\t\t\t<div class=\"elementor-element elementor-element-8e80489 elementor-widget elementor-widget-text-editor\" data-id=\"8e80489\" data-element_type=\"widget\" data-widget_type=\"text-editor.default\">\n\t\t\t\t<div class=\"elementor-widget-container\">\n\t\t\t\t\t\t\t\t\t<p>Chez Citylogix, nous croyons en la collaboration, l\u2019innovation et l\u2019importance d\u2019\u00eatre pr\u00e9sents l\u00e0 o\u00f9 cela compte le plus. Notre \u00e9quipe parcourt l\u2019Am\u00e9rique du Nord pour participer \u00e0 certains des \u00e9v\u00e9nements les plus influents dans les domaines des travaux publics, de la gouvernance municipale et de la technologie des infrastructures.<\/p>\t\t\t\t\t\t\t\t<\/div>\n\t\t\t\t<\/div>\n\t\t\t\t<div class=\"elementor-element elementor-element-b572ac6 elementor-widget elementor-widget-text-editor\" data-id=\"b572ac6\" data-element_type=\"widget\" data-widget_type=\"text-editor.default\">\n\t\t\t\t<div class=\"elementor-widget-container\">\n\t\t\t\t\t\t\t\t\t<p>Ces conf\u00e9rences et salons nous permettent de rencontrer les professionnels qui fa\u00e7onnent l\u2019avenir de leurs communaut\u00e9s et de pr\u00e9senter comment nos outils ax\u00e9s sur les donn\u00e9es aident les municipalit\u00e9s \u00e0 prendre des d\u00e9cisions plus durables et mieux \u00e9clair\u00e9es.<\/p>\t\t\t\t\t\t\t\t<\/div>\n\t\t\t\t<\/div>\n\t\t\t\t<div class=\"elementor-element elementor-element-a945f12 elementor-widget elementor-widget-heading\" data-id=\"a945f12\" data-element_type=\"widget\" data-widget_type=\"heading.default\">\n\t\t\t\t<div class=\"elementor-widget-container\">\n\t\t\t\t\t<h2 class=\"elementor-heading-title elementor-size-default\">Voici o\u00f9 vous pourrez nous retrouver prochainement : <\/h2>\t\t\t\t<\/div>\n\t\t\t\t<\/div>\n\t\t\t\t<div class=\"elementor-element elementor-element-71c9005 elementor-widget elementor-widget-heading\" data-id=\"71c9005\" data-element_type=\"widget\" data-widget_type=\"heading.default\">\n\t\t\t\t<div class=\"elementor-widget-container\">\n\t\t\t\t\t<h3 class=\"elementor-heading-title elementor-size-default\">APWA ME Chapter \u2013 Conf\u00e9rence annuelle sur les routes | 5 juin 2025<\/h3>\t\t\t\t<\/div>\n\t\t\t\t<\/div>\n\t\t\t\t<div class=\"elementor-element elementor-element-e1c829f elementor-widget elementor-widget-text-editor\" data-id=\"e1c829f\" data-element_type=\"widget\" data-widget_type=\"text-editor.default\">\n\t\t\t\t<div class=\"elementor-widget-container\">\n\t\t\t\t\t\t\t\t\t<p>Organis\u00e9 par la section Maine de l\u2019American Public Works Association, cet \u00e9v\u00e9nement r\u00e9unit les professionnels de la voirie pour discuter de s\u00e9curit\u00e9 routi\u00e8re, d\u2019entretien et de durabilit\u00e9. <\/p>\t\t\t\t\t\t\t\t<\/div>\n\t\t\t\t<\/div>\n\t\t\t\t<div class=\"elementor-element elementor-element-c07d631 elementor-widget elementor-widget-heading\" data-id=\"c07d631\" data-element_type=\"widget\" data-widget_type=\"heading.default\">\n\t\t\t\t<div class=\"elementor-widget-container\">\n\t\t\t\t\t<h3 class=\"elementor-heading-title elementor-size-default\">APWA Texas \u2013 Conf\u00e9rence annuelle | 9 au 11 juin 2025 <\/h3>\t\t\t\t<\/div>\n\t\t\t\t<\/div>\n\t\t\t\t<div class=\"elementor-element elementor-element-9e85537 elementor-widget elementor-widget-text-editor\" data-id=\"9e85537\" data-element_type=\"widget\" data-widget_type=\"text-editor.default\">\n\t\t\t\t<div class=\"elementor-widget-container\">\n\t\t\t\t\t\t\t\t\t<p>L\u2019un des plus grands \u00e9v\u00e9nements APWA du pays. Cette conf\u00e9rence met l\u2019accent sur l\u2019innovation dans les travaux publics, le d\u00e9veloppement de la main-d\u2019\u0153uvre et la planification des infrastructures. <\/p>\t\t\t\t\t\t\t\t<\/div>\n\t\t\t\t<\/div>\n\t\t\t\t<div class=\"elementor-element elementor-element-116dae9 elementor-widget elementor-widget-heading\" data-id=\"116dae9\" data-element_type=\"widget\" data-widget_type=\"heading.default\">\n\t\t\t\t<div class=\"elementor-widget-container\">\n\t\t\t\t\t<h3 class=\"elementor-heading-title elementor-size-default\">APWA Georgia \u2013 Conf\u00e9rence annuelle | 11 juillet 2025 \n<\/h3>\t\t\t\t<\/div>\n\t\t\t\t<\/div>\n\t\t\t\t<div class=\"elementor-element elementor-element-2dfa734 elementor-widget elementor-widget-text-editor\" data-id=\"2dfa734\" data-element_type=\"widget\" data-widget_type=\"text-editor.default\">\n\t\t\t\t<div class=\"elementor-widget-container\">\n\t\t\t\t\t\t\t\t\t<p>Nous serons en G\u00e9orgie pour rencontrer les responsables des travaux publics engag\u00e9s dans la construction d\u2019infrastructures plus s\u00fbres et efficaces.<\/p>\t\t\t\t\t\t\t\t<\/div>\n\t\t\t\t<\/div>\n\t\t\t\t<div class=\"elementor-element elementor-element-c81f53e elementor-widget elementor-widget-heading\" data-id=\"c81f53e\" data-element_type=\"widget\" data-widget_type=\"heading.default\">\n\t\t\t\t<div class=\"elementor-widget-container\">\n\t\t\t\t\t<h3 class=\"elementor-heading-title elementor-size-default\">Conf\u00e9rence de l\u2019AMO \u2013 Ontario | 17 au 20 ao\u00fbt 2025 \n<\/h3>\t\t\t\t<\/div>\n\t\t\t\t<\/div>\n\t\t\t\t<div class=\"elementor-element elementor-element-cd077a5 elementor-widget elementor-widget-text-editor\" data-id=\"cd077a5\" data-element_type=\"widget\" data-widget_type=\"text-editor.default\">\n\t\t\t\t<div class=\"elementor-widget-container\">\n\t\t\t\t\t\t\t\t\t<p>Un \u00e9v\u00e9nement de premier plan pour les \u00e9lus municipaux, les d\u00e9cideurs et les innovateurs. <\/p>\t\t\t\t\t\t\t\t<\/div>\n\t\t\t\t<\/div>\n\t\t\t\t<div class=\"elementor-element elementor-element-f48e3de elementor-widget elementor-widget-heading\" data-id=\"f48e3de\" data-element_type=\"widget\" data-widget_type=\"heading.default\">\n\t\t\t\t<div class=\"elementor-widget-container\">\n\t\t\t\t\t<h3 class=\"elementor-heading-title elementor-size-default\">PWX \u2013 Public Works Expo | 17 au 20 ao\u00fbt 2025 \n<\/h3>\t\t\t\t<\/div>\n\t\t\t\t<\/div>\n\t\t\t\t<div class=\"elementor-element elementor-element-42bbf0f elementor-widget elementor-widget-text-editor\" data-id=\"42bbf0f\" data-element_type=\"widget\" data-widget_type=\"text-editor.default\">\n\t\t\t\t<div class=\"elementor-widget-container\">\n\t\t\t\t\t\t\t\t\t<p>Cet \u00e9v\u00e9nement national rassemble les esprits les plus brillants des travaux publics. Nous sommes impatients d\u2019y participer. <\/p>\t\t\t\t\t\t\t\t<\/div>\n\t\t\t\t<\/div>\n\t\t\t\t<div class=\"elementor-element elementor-element-ff83929 elementor-widget elementor-widget-heading\" data-id=\"ff83929\" data-element_type=\"widget\" data-widget_type=\"heading.default\">\n\t\t\t\t<div class=\"elementor-widget-container\">\n\t\t\t\t\t<h3 class=\"elementor-heading-title elementor-size-default\">MFOA \u2013 Conf\u00e9rence de l\u2019Association des agents financiers municipaux | 17 au 18 septembre 2025 \n<\/h3>\t\t\t\t<\/div>\n\t\t\t\t<\/div>\n\t\t\t\t<div class=\"elementor-element elementor-element-b12fd01 elementor-widget elementor-widget-text-editor\" data-id=\"b12fd01\" data-element_type=\"widget\" data-widget_type=\"text-editor.default\">\n\t\t\t\t<div class=\"elementor-widget-container\">\n\t\t\t\t\t\t\t\t\t<p>\u00c0 MFOA, nous \u00e9changerons sur l\u2019optimisation budg\u00e9taire, l\u2019analyse des co\u00fbts de cycle de vie et la planification \u00e0 long terme. <\/p>\t\t\t\t\t\t\t\t<\/div>\n\t\t\t\t<\/div>\n\t\t\t\t<div class=\"elementor-element elementor-element-b9a40be elementor-widget elementor-widget-heading\" data-id=\"b9a40be\" data-element_type=\"widget\" data-widget_type=\"heading.default\">\n\t\t\t\t<div class=\"elementor-widget-container\">\n\t\t\t\t\t<h3 class=\"elementor-heading-title elementor-size-default\">APWA Colorado \u2013 Conf\u00e9rence annuelle | 20 au 21 octobre 2025 \n<\/h3>\t\t\t\t<\/div>\n\t\t\t\t<\/div>\n\t\t\t\t<div class=\"elementor-element elementor-element-af763b4 elementor-widget elementor-widget-text-editor\" data-id=\"af763b4\" data-element_type=\"widget\" data-widget_type=\"text-editor.default\">\n\t\t\t\t<div class=\"elementor-widget-container\">\n\t\t\t\t\t\t\t\t\t<p>Un \u00e9v\u00e9nement ax\u00e9 sur les infrastructures durables, l\u2019innovation et la planification orient\u00e9e vers la communaut\u00e9. <\/p>\t\t\t\t\t\t\t\t<\/div>\n\t\t\t\t<\/div>\n\t\t\t\t<div class=\"elementor-element elementor-element-50614e8 elementor-widget elementor-widget-heading\" data-id=\"50614e8\" data-element_type=\"widget\" data-widget_type=\"heading.default\">\n\t\t\t\t<div class=\"elementor-widget-container\">\n\t\t\t\t\t<h3 class=\"elementor-heading-title elementor-size-default\">NWPMA \u2013 Northwest Pavement Management Association | 4 au 7 novembre 2025 \n<\/h3>\t\t\t\t<\/div>\n\t\t\t\t<\/div>\n\t\t\t\t<div class=\"elementor-element elementor-element-474d657 elementor-widget elementor-widget-text-editor\" data-id=\"474d657\" data-element_type=\"widget\" data-widget_type=\"text-editor.default\">\n\t\t\t\t<div class=\"elementor-widget-container\">\n\t\t\t\t\t\t\t\t\t<p>Cette conf\u00e9rence rassemble agences et experts du Nord-Ouest sur les strat\u00e9gies de chauss\u00e9es et la prise de d\u00e9cision r\u00e9seau.<\/p>\t\t\t\t\t\t\t\t<\/div>\n\t\t\t\t<\/div>\n\t\t\t\t\t<\/div>\n\t\t<\/div>\n\t\t\t\t\t<\/div>\n\t\t<\/section>\n\t\t\t\t<\/div>\n\t\t","protected":false},"excerpt":{"rendered":"<p>Chez Citylogix, nous croyons en la collaboration, l\u2019innovation et l\u2019importance d\u2019\u00eatre pr\u00e9sents l\u00e0 o\u00f9 cela compte le plus. Notre \u00e9quipe parcourt l\u2019Am\u00e9rique du Nord pour participer \u00e0 certains des \u00e9v\u00e9nements les plus influents dans les domaines des travaux publics, de la gouvernance municipale et de la technologie des infrastructures. Ces conf\u00e9rences et salons nous permettent [&hellip;]<\/p>\n","protected":false},"author":1,"featured_media":6301,"comment_status":"closed","ping_status":"closed","sticky":false,"template":"","format":"standard","meta":{"_acf_changed":false,"inline_featured_image":false,"footnotes":""},"categories":[58,60],"tags":[45],"class_list":["post-6291","post","type-post","status-publish","format-standard","has-post-thumbnail","hentry","category-evenements","category-infrastructure-fr","tag-agence"],"acf":[],"yoast_head":"<!-- This site is optimized with the Yoast SEO plugin v25.2 - https:\/\/yoast.com\/wordpress\/plugins\/seo\/ -->\n<title>Citylogix sur la route : \u00c0 la rencontre des communaut\u00e9s \u00e0 travers l\u2019Am\u00e9rique du Nord | Citylogix<\/title>\n<meta name=\"robots\" content=\"index, follow, max-snippet:-1, max-image-preview:large, max-video-preview:-1\" \/>\n<link rel=\"canonical\" href=\"https:\/\/citylogix.com\/fr\/citylogix-sur-la-route-a-la-rencontre-des-communautes-a-travers-lamerique-du-nord\/\" \/>\n<meta property=\"og:locale\" content=\"fr_FR\" \/>\n<meta property=\"og:type\" content=\"article\" \/>\n<meta property=\"og:title\" content=\"Citylogix sur la route : \u00c0 la rencontre des communaut\u00e9s \u00e0 travers l\u2019Am\u00e9rique du Nord | Citylogix\" \/>\n<meta property=\"og:description\" content=\"Chez Citylogix, nous croyons en la collaboration, l\u2019innovation et l\u2019importance d\u2019\u00eatre pr\u00e9sents l\u00e0 o\u00f9 cela compte le plus. Notre \u00e9quipe parcourt l\u2019Am\u00e9rique du Nord pour participer \u00e0 certains des \u00e9v\u00e9nements les plus influents dans les domaines des travaux publics, de la gouvernance municipale et de la technologie des infrastructures. Ces conf\u00e9rences et salons nous permettent [&hellip;]\" \/>\n<meta property=\"og:url\" content=\"https:\/\/citylogix.com\/fr\/citylogix-sur-la-route-a-la-rencontre-des-communautes-a-travers-lamerique-du-nord\/\" \/>\n<meta property=\"og:site_name\" content=\"Citylogix\" \/>\n<meta property=\"article:published_time\" content=\"2025-05-16T04:28:42+00:00\" \/>\n<meta property=\"article:modified_time\" content=\"2025-06-03T05:04:38+00:00\" \/>\n<meta property=\"og:image\" content=\"https:\/\/citylogix.com\/wp-content\/uploads\/2025\/05\/Citylogix-on-the-Road-scaled.jpg\" \/>\n\t<meta property=\"og:image:width\" content=\"2560\" \/>\n\t<meta property=\"og:image:height\" content=\"1893\" \/>\n\t<meta property=\"og:image:type\" content=\"image\/jpeg\" \/>\n<meta name=\"author\" content=\"Citylogix Team\" \/>\n<meta name=\"twitter:card\" content=\"summary_large_image\" \/>\n<meta name=\"twitter:label1\" content=\"\u00c9crit par\" \/>\n\t<meta name=\"twitter:data1\" content=\"Citylogix Team\" \/>\n\t<meta name=\"twitter:label2\" content=\"Dur\u00e9e de lecture estim\u00e9e\" \/>\n\t<meta name=\"twitter:data2\" content=\"2 minutes\" \/>\n<script type=\"application\/ld+json\" class=\"yoast-schema-graph\">{\"@context\":\"https:\/\/schema.org\",\"@graph\":[{\"@type\":\"Article\",\"@id\":\"https:\/\/citylogix.com\/fr\/citylogix-sur-la-route-a-la-rencontre-des-communautes-a-travers-lamerique-du-nord\/#article\",\"isPartOf\":{\"@id\":\"https:\/\/citylogix.com\/fr\/citylogix-sur-la-route-a-la-rencontre-des-communautes-a-travers-lamerique-du-nord\/\"},\"author\":{\"name\":\"Citylogix Team\",\"@id\":\"https:\/\/citylogix.com\/fr\/#\/schema\/person\/cd63f30cdfe4d1fcdddd0a5aaf8e2711\"},\"headline\":\"Citylogix sur la route : \u00c0 la rencontre des communaut\u00e9s \u00e0 travers l\u2019Am\u00e9rique du Nord\",\"datePublished\":\"2025-05-16T04:28:42+00:00\",\"dateModified\":\"2025-06-03T05:04:38+00:00\",\"mainEntityOfPage\":{\"@id\":\"https:\/\/citylogix.com\/fr\/citylogix-sur-la-route-a-la-rencontre-des-communautes-a-travers-lamerique-du-nord\/\"},\"wordCount\":380,\"publisher\":{\"@id\":\"https:\/\/citylogix.com\/fr\/#organization\"},\"image\":{\"@id\":\"https:\/\/citylogix.com\/fr\/citylogix-sur-la-route-a-la-rencontre-des-communautes-a-travers-lamerique-du-nord\/#primaryimage\"},\"thumbnailUrl\":\"https:\/\/citylogix.com\/wp-content\/uploads\/2025\/05\/Citylogix-on-the-Road-scaled.jpg\",\"keywords\":[\"Agence\"],\"articleSection\":[\"\u00c9v\u00e9nements\",\"Infrastructure\"],\"inLanguage\":\"fr-FR\"},{\"@type\":\"WebPage\",\"@id\":\"https:\/\/citylogix.com\/fr\/citylogix-sur-la-route-a-la-rencontre-des-communautes-a-travers-lamerique-du-nord\/\",\"url\":\"https:\/\/citylogix.com\/fr\/citylogix-sur-la-route-a-la-rencontre-des-communautes-a-travers-lamerique-du-nord\/\",\"name\":\"Citylogix sur la route : \u00c0 la rencontre des communaut\u00e9s \u00e0 travers l\u2019Am\u00e9rique du Nord | Citylogix\",\"isPartOf\":{\"@id\":\"https:\/\/citylogix.com\/fr\/#website\"},\"primaryImageOfPage\":{\"@id\":\"https:\/\/citylogix.com\/fr\/citylogix-sur-la-route-a-la-rencontre-des-communautes-a-travers-lamerique-du-nord\/#primaryimage\"},\"image\":{\"@id\":\"https:\/\/citylogix.com\/fr\/citylogix-sur-la-route-a-la-rencontre-des-communautes-a-travers-lamerique-du-nord\/#primaryimage\"},\"thumbnailUrl\":\"https:\/\/citylogix.com\/wp-content\/uploads\/2025\/05\/Citylogix-on-the-Road-scaled.jpg\",\"datePublished\":\"2025-05-16T04:28:42+00:00\",\"dateModified\":\"2025-06-03T05:04:38+00:00\",\"breadcrumb\":{\"@id\":\"https:\/\/citylogix.com\/fr\/citylogix-sur-la-route-a-la-rencontre-des-communautes-a-travers-lamerique-du-nord\/#breadcrumb\"},\"inLanguage\":\"fr-FR\",\"potentialAction\":[{\"@type\":\"ReadAction\",\"target\":[\"https:\/\/citylogix.com\/fr\/citylogix-sur-la-route-a-la-rencontre-des-communautes-a-travers-lamerique-du-nord\/\"]}]},{\"@type\":\"ImageObject\",\"inLanguage\":\"fr-FR\",\"@id\":\"https:\/\/citylogix.com\/fr\/citylogix-sur-la-route-a-la-rencontre-des-communautes-a-travers-lamerique-du-nord\/#primaryimage\",\"url\":\"https:\/\/citylogix.com\/wp-content\/uploads\/2025\/05\/Citylogix-on-the-Road-scaled.jpg\",\"contentUrl\":\"https:\/\/citylogix.com\/wp-content\/uploads\/2025\/05\/Citylogix-on-the-Road-scaled.jpg\",\"width\":2560,\"height\":1893,\"caption\":\"Citylogix on the Road\"},{\"@type\":\"BreadcrumbList\",\"@id\":\"https:\/\/citylogix.com\/fr\/citylogix-sur-la-route-a-la-rencontre-des-communautes-a-travers-lamerique-du-nord\/#breadcrumb\",\"itemListElement\":[{\"@type\":\"ListItem\",\"position\":1,\"name\":\"Home\",\"item\":\"https:\/\/citylogix.com\/fr\/\"},{\"@type\":\"ListItem\",\"position\":2,\"name\":\"Citylogix sur la route : \u00c0 la rencontre des communaut\u00e9s \u00e0 travers l\u2019Am\u00e9rique du Nord\"}]},{\"@type\":\"WebSite\",\"@id\":\"https:\/\/citylogix.com\/fr\/#website\",\"url\":\"https:\/\/citylogix.com\/fr\/\",\"name\":\"CityLogix\",\"description\":\"\",\"publisher\":{\"@id\":\"https:\/\/citylogix.com\/fr\/#organization\"},\"potentialAction\":[{\"@type\":\"SearchAction\",\"target\":{\"@type\":\"EntryPoint\",\"urlTemplate\":\"https:\/\/citylogix.com\/fr\/?s={search_term_string}\"},\"query-input\":{\"@type\":\"PropertyValueSpecification\",\"valueRequired\":true,\"valueName\":\"search_term_string\"}}],\"inLanguage\":\"fr-FR\"},{\"@type\":\"Organization\",\"@id\":\"https:\/\/citylogix.com\/fr\/#organization\",\"name\":\"CityLogix\",\"url\":\"https:\/\/citylogix.com\/fr\/\",\"logo\":{\"@type\":\"ImageObject\",\"inLanguage\":\"fr-FR\",\"@id\":\"https:\/\/citylogix.com\/fr\/#\/schema\/logo\/image\/\",\"url\":\"https:\/\/citylogix.com\/wp-content\/uploads\/2025\/05\/citylogix.jpg\",\"contentUrl\":\"https:\/\/citylogix.com\/wp-content\/uploads\/2025\/05\/citylogix.jpg\",\"width\":860,\"height\":500,\"caption\":\"CityLogix\"},\"image\":{\"@id\":\"https:\/\/citylogix.com\/fr\/#\/schema\/logo\/image\/\"}},{\"@type\":\"Person\",\"@id\":\"https:\/\/citylogix.com\/fr\/#\/schema\/person\/cd63f30cdfe4d1fcdddd0a5aaf8e2711\",\"name\":\"Citylogix Team\",\"image\":{\"@type\":\"ImageObject\",\"inLanguage\":\"fr-FR\",\"@id\":\"https:\/\/citylogix.com\/fr\/#\/schema\/person\/image\/\",\"url\":\"https:\/\/secure.gravatar.com\/avatar\/50806f201a046384b5bb5d5c33edab860da43a37812af9e742334a59550e058a?s=96&d=mm&r=g\",\"contentUrl\":\"https:\/\/secure.gravatar.com\/avatar\/50806f201a046384b5bb5d5c33edab860da43a37812af9e742334a59550e058a?s=96&d=mm&r=g\",\"caption\":\"Citylogix Team\"},\"sameAs\":[\"https:\/\/citylogix.com\"]}]}<\/script>\n<!-- \/ Yoast SEO plugin. -->","yoast_head_json":{"title":"Citylogix sur la route : \u00c0 la rencontre des communaut\u00e9s \u00e0 travers l\u2019Am\u00e9rique du Nord | Citylogix","robots":{"index":"index","follow":"follow","max-snippet":"max-snippet:-1","max-image-preview":"max-image-preview:large","max-video-preview":"max-video-preview:-1"},"canonical":"https:\/\/citylogix.com\/fr\/citylogix-sur-la-route-a-la-rencontre-des-communautes-a-travers-lamerique-du-nord\/","og_locale":"fr_FR","og_type":"article","og_title":"Citylogix sur la route : \u00c0 la rencontre des communaut\u00e9s \u00e0 travers l\u2019Am\u00e9rique du Nord | Citylogix","og_description":"Chez Citylogix, nous croyons en la collaboration, l\u2019innovation et l\u2019importance d\u2019\u00eatre pr\u00e9sents l\u00e0 o\u00f9 cela compte le plus. Notre \u00e9quipe parcourt l\u2019Am\u00e9rique du Nord pour participer \u00e0 certains des \u00e9v\u00e9nements les plus influents dans les domaines des travaux publics, de la gouvernance municipale et de la technologie des infrastructures. Ces conf\u00e9rences et salons nous permettent [&hellip;]","og_url":"https:\/\/citylogix.com\/fr\/citylogix-sur-la-route-a-la-rencontre-des-communautes-a-travers-lamerique-du-nord\/","og_site_name":"Citylogix","article_published_time":"2025-05-16T04:28:42+00:00","article_modified_time":"2025-06-03T05:04:38+00:00","og_image":[{"width":2560,"height":1893,"url":"https:\/\/citylogix.com\/wp-content\/uploads\/2025\/05\/Citylogix-on-the-Road-scaled.jpg","type":"image\/jpeg"}],"author":"Citylogix Team","twitter_card":"summary_large_image","twitter_misc":{"\u00c9crit par":"Citylogix Team","Dur\u00e9e de lecture estim\u00e9e":"2 minutes"},"schema":{"@context":"https:\/\/schema.org","@graph":[{"@type":"Article","@id":"https:\/\/citylogix.com\/fr\/citylogix-sur-la-route-a-la-rencontre-des-communautes-a-travers-lamerique-du-nord\/#article","isPartOf":{"@id":"https:\/\/citylogix.com\/fr\/citylogix-sur-la-route-a-la-rencontre-des-communautes-a-travers-lamerique-du-nord\/"},"author":{"name":"Citylogix Team","@id":"https:\/\/citylogix.com\/fr\/#\/schema\/person\/cd63f30cdfe4d1fcdddd0a5aaf8e2711"},"headline":"Citylogix sur la route : \u00c0 la rencontre des communaut\u00e9s \u00e0 travers l\u2019Am\u00e9rique du Nord","datePublished":"2025-05-16T04:28:42+00:00","dateModified":"2025-06-03T05:04:38+00:00","mainEntityOfPage":{"@id":"https:\/\/citylogix.com\/fr\/citylogix-sur-la-route-a-la-rencontre-des-communautes-a-travers-lamerique-du-nord\/"},"wordCount":380,"publisher":{"@id":"https:\/\/citylogix.com\/fr\/#organization"},"image":{"@id":"https:\/\/citylogix.com\/fr\/citylogix-sur-la-route-a-la-rencontre-des-communautes-a-travers-lamerique-du-nord\/#primaryimage"},"thumbnailUrl":"https:\/\/citylogix.com\/wp-content\/uploads\/2025\/05\/Citylogix-on-the-Road-scaled.jpg","keywords":["Agence"],"articleSection":["\u00c9v\u00e9nements","Infrastructure"],"inLanguage":"fr-FR"},{"@type":"WebPage","@id":"https:\/\/citylogix.com\/fr\/citylogix-sur-la-route-a-la-rencontre-des-communautes-a-travers-lamerique-du-nord\/","url":"https:\/\/citylogix.com\/fr\/citylogix-sur-la-route-a-la-rencontre-des-communautes-a-travers-lamerique-du-nord\/","name":"Citylogix sur la route : \u00c0 la rencontre des communaut\u00e9s \u00e0 travers l\u2019Am\u00e9rique du Nord | Citylogix","isPartOf":{"@id":"https:\/\/citylogix.com\/fr\/#website"},"primaryImageOfPage":{"@id":"https:\/\/citylogix.com\/fr\/citylogix-sur-la-route-a-la-rencontre-des-communautes-a-travers-lamerique-du-nord\/#primaryimage"},"image":{"@id":"https:\/\/citylogix.com\/fr\/citylogix-sur-la-route-a-la-rencontre-des-communautes-a-travers-lamerique-du-nord\/#primaryimage"},"thumbnailUrl":"https:\/\/citylogix.com\/wp-content\/uploads\/2025\/05\/Citylogix-on-the-Road-scaled.jpg","datePublished":"2025-05-16T04:28:42+00:00","dateModified":"2025-06-03T05:04:38+00:00","breadcrumb":{"@id":"https:\/\/citylogix.com\/fr\/citylogix-sur-la-route-a-la-rencontre-des-communautes-a-travers-lamerique-du-nord\/#breadcrumb"},"inLanguage":"fr-FR","potentialAction":[{"@type":"ReadAction","target":["https:\/\/citylogix.com\/fr\/citylogix-sur-la-route-a-la-rencontre-des-communautes-a-travers-lamerique-du-nord\/"]}]},{"@type":"ImageObject","inLanguage":"fr-FR","@id":"https:\/\/citylogix.com\/fr\/citylogix-sur-la-route-a-la-rencontre-des-communautes-a-travers-lamerique-du-nord\/#primaryimage","url":"https:\/\/citylogix.com\/wp-content\/uploads\/2025\/05\/Citylogix-on-the-Road-scaled.jpg","contentUrl":"https:\/\/citylogix.com\/wp-content\/uploads\/2025\/05\/Citylogix-on-the-Road-scaled.jpg","width":2560,"height":1893,"caption":"Citylogix on the Road"},{"@type":"BreadcrumbList","@id":"https:\/\/citylogix.com\/fr\/citylogix-sur-la-route-a-la-rencontre-des-communautes-a-travers-lamerique-du-nord\/#breadcrumb","itemListElement":[{"@type":"ListItem","position":1,"name":"Home","item":"https:\/\/citylogix.com\/fr\/"},{"@type":"ListItem","position":2,"name":"Citylogix sur la route : \u00c0 la rencontre des communaut\u00e9s \u00e0 travers l\u2019Am\u00e9rique du Nord"}]},{"@type":"WebSite","@id":"https:\/\/citylogix.com\/fr\/#website","url":"https:\/\/citylogix.com\/fr\/","name":"CityLogix","description":"","publisher":{"@id":"https:\/\/citylogix.com\/fr\/#organization"},"potentialAction":[{"@type":"SearchAction","target":{"@type":"EntryPoint","urlTemplate":"https:\/\/citylogix.com\/fr\/?s={search_term_string}"},"query-input":{"@type":"PropertyValueSpecification","valueRequired":true,"valueName":"search_term_string"}}],"inLanguage":"fr-FR"},{"@type":"Organization","@id":"https:\/\/citylogix.com\/fr\/#organization","name":"CityLogix","url":"https:\/\/citylogix.com\/fr\/","logo":{"@type":"ImageObject","inLanguage":"fr-FR","@id":"https:\/\/citylogix.com\/fr\/#\/schema\/logo\/image\/","url":"https:\/\/citylogix.com\/wp-content\/uploads\/2025\/05\/citylogix.jpg","contentUrl":"https:\/\/citylogix.com\/wp-content\/uploads\/2025\/05\/citylogix.jpg","width":860,"height":500,"caption":"CityLogix"},"image":{"@id":"https:\/\/citylogix.com\/fr\/#\/schema\/logo\/image\/"}},{"@type":"Person","@id":"https:\/\/citylogix.com\/fr\/#\/schema\/person\/cd63f30cdfe4d1fcdddd0a5aaf8e2711","name":"Citylogix Team","image":{"@type":"ImageObject","inLanguage":"fr-FR","@id":"https:\/\/citylogix.com\/fr\/#\/schema\/person\/image\/","url":"https:\/\/secure.gravatar.com\/avatar\/50806f201a046384b5bb5d5c33edab860da43a37812af9e742334a59550e058a?s=96&d=mm&r=g","contentUrl":"https:\/\/secure.gravatar.com\/avatar\/50806f201a046384b5bb5d5c33edab860da43a37812af9e742334a59550e058a?s=96&d=mm&r=g","caption":"Citylogix Team"},"sameAs":["https:\/\/citylogix.com"]}]}},"_links":{"self":[{"href":"https:\/\/citylogix.com\/fr\/wp-json\/wp\/v2\/posts\/6291","targetHints":{"allow":["GET"]}}],"collection":[{"href":"https:\/\/citylogix.com\/fr\/wp-json\/wp\/v2\/posts"}],"about":[{"href":"https:\/\/citylogix.com\/fr\/wp-json\/wp\/v2\/types\/post"}],"author":[{"embeddable":true,"href":"https:\/\/citylogix.com\/fr\/wp-json\/wp\/v2\/users\/1"}],"replies":[{"embeddable":true,"href":"https:\/\/citylogix.com\/fr\/wp-json\/wp\/v2\/comments?post=6291"}],"version-history":[{"count":16,"href":"https:\/\/citylogix.com\/fr\/wp-json\/wp\/v2\/posts\/6291\/revisions"}],"predecessor-version":[{"id":6343,"href":"https:\/\/citylogix.com\/fr\/wp-json\/wp\/v2\/posts\/6291\/revisions\/6343"}],"wp:featuredmedia":[{"embeddable":true,"href":"https:\/\/citylogix.com\/fr\/wp-json\/wp\/v2\/media\/6301"}],"wp:attachment":[{"href":"https:\/\/citylogix.com\/fr\/wp-json\/wp\/v2\/media?parent=6291"}],"wp:term":[{"taxonomy":"category","embeddable":true,"href":"https:\/\/citylogix.com\/fr\/wp-json\/wp\/v2\/categories?post=6291"},{"taxonomy":"post_tag","embeddable":true,"href":"https:\/\/citylogix.com\/fr\/wp-json\/wp\/v2\/tags?post=6291"}],"curies":[{"name":"wp","href":"https:\/\/api.w.org\/{rel}","templated":true}]}}